{"id":5139,"date":"2025-04-24T13:49:36","date_gmt":"2025-04-24T11:49:36","guid":{"rendered":"https:\/\/soigneralzheimer.com\/?p=5139"},"modified":"2025-04-24T13:49:37","modified_gmt":"2025-04-24T11:49:37","slug":"paradis-des-plantes-sauvages","status":"publish","type":"post","link":"https:\/\/soigneralzheimer.com\/fr\/paradis-des-plantes-sauvages\/","title":{"rendered":"Paradis des plantes sauvages"},"content":{"rendered":"\n<p class=\"wp-block-paragraph\">C&rsquo;est le temps id\u00e9al pour cueillir des plantes qui viendront compl\u00e9ter une salade autrement un peu fade. En lisi\u00e8re de for\u00eat, on trouve le lamier jaune dont on peut employer les jeunes feuilles et les fleurs crues.<\/p>\n\n\n\n<div class=\"wp-block-jetpack-tiled-gallery aligncenter is-style-rectangular\"><div class=\"\"><div class=\"tiled-gallery__gallery\"><div class=\"tiled-gallery__row\"><div class=\"tiled-gallery__col\" style=\"flex-basis:50.00000%\"><figure class=\"tiled-gallery__item\"><img decoding=\"async\" srcset=\"https:\/\/i0.wp.com\/soigneralzheimer.com\/wp-content\/uploads\/2025\/04\/20250424_115246-768x1024.jpg?strip=info&#038;w=600&#038;ssl=1 600w,https:\/\/i0.wp.com\/soigneralzheimer.com\/wp-content\/uploads\/2025\/04\/20250424_115246-768x1024.jpg?strip=info&#038;w=768&#038;ssl=1 768w\" alt=\"\" data-height=\"1843\" data-id=\"5140\" data-link=\"https:\/\/soigneralzheimer.com\/?attachment_id=5140\" data-url=\"https:\/\/soigneralzheimer.com\/wp-content\/uploads\/2025\/04\/20250424_115246-768x1024.jpg\" data-width=\"1382\" src=\"https:\/\/i0.wp.com\/soigneralzheimer.com\/wp-content\/uploads\/2025\/04\/20250424_115246-768x1024.jpg?ssl=1\" data-amp-layout=\"responsive\" tabindex=\"0\" role=\"button\" aria-label=\"Ouvrir l\u2019image 1 sur 2 en plein \u00e9cran\"\/><\/figure><\/div><div class=\"tiled-gallery__col\" style=\"flex-basis:50.00000%\"><figure class=\"tiled-gallery__item\"><img decoding=\"async\" srcset=\"https:\/\/i0.wp.com\/soigneralzheimer.com\/wp-content\/uploads\/2025\/04\/20250424_115232-768x1024.jpg?strip=info&#038;w=600&#038;ssl=1 600w,https:\/\/i0.wp.com\/soigneralzheimer.com\/wp-content\/uploads\/2025\/04\/20250424_115232-768x1024.jpg?strip=info&#038;w=768&#038;ssl=1 768w\" alt=\"\" data-height=\"1843\" data-id=\"5141\" data-link=\"https:\/\/soigneralzheimer.com\/?attachment_id=5141\" data-url=\"https:\/\/soigneralzheimer.com\/wp-content\/uploads\/2025\/04\/20250424_115232-768x1024.jpg\" data-width=\"1382\" src=\"https:\/\/i0.wp.com\/soigneralzheimer.com\/wp-content\/uploads\/2025\/04\/20250424_115232-768x1024.jpg?ssl=1\" data-amp-layout=\"responsive\" tabindex=\"0\" role=\"button\" aria-label=\"Ouvrir l\u2019image 2 sur 2 en plein \u00e9cran\"\/><\/figure><\/div><\/div><\/div><\/div><\/div>\n\n\n\n<p class=\"wp-block-paragraph\">Dans le jardin c&rsquo;est l&rsquo;abondance! Le mouron des oiseaux et le lierre terrestre colonisent les bacs. Les fleurs du lierre terrestre font une jolie d\u00e9coration dans les salades. Les feuilles ont un go\u00fbt prononc\u00e9, il faut \u00eatre prudent sur les quantit\u00e9s.<\/p>\n\n\n\n<div class=\"wp-block-jetpack-tiled-gallery aligncenter is-style-rectangular\"><div class=\"\"><div class=\"tiled-gallery__gallery\"><div class=\"tiled-gallery__row\"><div class=\"tiled-gallery__col\" style=\"flex-basis:57.13218%\"><figure class=\"tiled-gallery__item\"><img data-recalc-dims=\"1\" decoding=\"async\" alt=\"\" data-id=\"5143\" data-link=\"https:\/\/soigneralzheimer.com\/?attachment_id=5143\" data-url=\"https:\/\/soigneralzheimer.com\/wp-content\/uploads\/2025\/04\/20250424_112218.jpg\" src=\"https:\/\/i0.wp.com\/soigneralzheimer.com\/wp-content\/uploads\/2025\/04\/20250424_112218.jpg?w=1200&#038;ssl=1\" data-amp-layout=\"responsive\" tabindex=\"0\" role=\"button\" aria-label=\"Ouvrir l\u2019image 1 sur 2 en plein \u00e9cran\"\/><\/figure><\/div><div class=\"tiled-gallery__col\" style=\"flex-basis:42.86782%\"><figure class=\"tiled-gallery__item\"><img decoding=\"async\" srcset=\"https:\/\/i0.wp.com\/soigneralzheimer.com\/wp-content\/uploads\/2025\/04\/20250424_112148-768x1024.jpg?strip=info&#038;w=600&#038;ssl=1 600w,https:\/\/i0.wp.com\/soigneralzheimer.com\/wp-content\/uploads\/2025\/04\/20250424_112148-768x1024.jpg?strip=info&#038;w=768&#038;ssl=1 768w\" alt=\"\" data-height=\"1843\" data-id=\"5142\" data-link=\"https:\/\/soigneralzheimer.com\/?attachment_id=5142\" data-url=\"https:\/\/soigneralzheimer.com\/wp-content\/uploads\/2025\/04\/20250424_112148-768x1024.jpg\" data-width=\"1382\" src=\"https:\/\/i0.wp.com\/soigneralzheimer.com\/wp-content\/uploads\/2025\/04\/20250424_112148-768x1024.jpg?ssl=1\" data-amp-layout=\"responsive\" tabindex=\"0\" role=\"button\" aria-label=\"Ouvrir l\u2019image 2 sur 2 en plein \u00e9cran\"\/><\/figure><\/div><\/div><\/div><\/div><\/div>\n\n\n\n\n\n<p class=\"wp-block-paragraph\">La roquette \u00e0 trouv\u00e9 sa place le long du mur, un endroit plut\u00f4t sec car prot\u00e9g\u00e9 de la pluie o\u00f9 peu de plantes se sentent bien.<\/p>\n\n\n\n<figure class=\"wp-block-image size-large\"><img data-recalc-dims=\"1\" fetchpriority=\"high\" decoding=\"async\" width=\"768\" height=\"1024\" src=\"https:\/\/i0.wp.com\/soigneralzheimer.com\/wp-content\/uploads\/2025\/04\/20250424_112626.jpg?resize=768%2C1024&#038;ssl=1\" alt=\"\" class=\"wp-image-5144\" srcset=\"https:\/\/i0.wp.com\/soigneralzheimer.com\/wp-content\/uploads\/2025\/04\/20250424_112626.jpg?resize=768%2C1024&amp;ssl=1 768w, https:\/\/i0.wp.com\/soigneralzheimer.com\/wp-content\/uploads\/2025\/04\/20250424_112626.jpg?resize=225%2C300&amp;ssl=1 225w, https:\/\/i0.wp.com\/soigneralzheimer.com\/wp-content\/uploads\/2025\/04\/20250424_112626.jpg?resize=1152%2C1536&amp;ssl=1 1152w, https:\/\/i0.wp.com\/soigneralzheimer.com\/wp-content\/uploads\/2025\/04\/20250424_112626.jpg?resize=9%2C12&amp;ssl=1 9w, https:\/\/i0.wp.com\/soigneralzheimer.com\/wp-content\/uploads\/2025\/04\/20250424_112626.jpg?w=1382&amp;ssl=1 1382w\" sizes=\"(max-width: 768px) 100vw, 768px\" \/><\/figure>\n\n\n\n<p class=\"wp-block-paragraph\">Ayant moins de temps libre cette ann\u00e9e, nous nous sommes limit\u00e9s pour l&rsquo;instant \u00e0 la plantation de radis. Ils donnent bien et les feuilles donnent du volume \u00e0 la salade.<\/p>\n\n\n\n<figure class=\"wp-block-image size-large\"><img data-recalc-dims=\"1\" decoding=\"async\" width=\"1024\" height=\"768\" src=\"https:\/\/i0.wp.com\/soigneralzheimer.com\/wp-content\/uploads\/2025\/04\/20250424_112806.jpg?resize=1024%2C768&#038;ssl=1\" alt=\"\" class=\"wp-image-5145\" srcset=\"https:\/\/i0.wp.com\/soigneralzheimer.com\/wp-content\/uploads\/2025\/04\/20250424_112806.jpg?resize=1024%2C768&amp;ssl=1 1024w, https:\/\/i0.wp.com\/soigneralzheimer.com\/wp-content\/uploads\/2025\/04\/20250424_112806.jpg?resize=300%2C225&amp;ssl=1 300w, https:\/\/i0.wp.com\/soigneralzheimer.com\/wp-content\/uploads\/2025\/04\/20250424_112806.jpg?resize=768%2C576&amp;ssl=1 768w, https:\/\/i0.wp.com\/soigneralzheimer.com\/wp-content\/uploads\/2025\/04\/20250424_112806.jpg?resize=1536%2C1152&amp;ssl=1 1536w, https:\/\/i0.wp.com\/soigneralzheimer.com\/wp-content\/uploads\/2025\/04\/20250424_112806.jpg?resize=16%2C12&amp;ssl=1 16w, https:\/\/i0.wp.com\/soigneralzheimer.com\/wp-content\/uploads\/2025\/04\/20250424_112806.jpg?w=1843&amp;ssl=1 1843w\" sizes=\"(max-width: 1024px) 100vw, 1024px\" \/><\/figure>\n\n\n\n<p class=\"wp-block-paragraph\">Sur la butte, j&rsquo;ai eu la bonne surprise de d\u00e9couvrir des salades vertes qui se sont plant\u00e9es toutes seules. <\/p>\n\n\n\n<div class=\"wp-block-jetpack-tiled-gallery aligncenter is-style-rectangular\"><div class=\"\"><div class=\"tiled-gallery__gallery\"><div class=\"tiled-gallery__row\"><div class=\"tiled-gallery__col\" style=\"flex-basis:63.97309%\"><figure class=\"tiled-gallery__item\"><img decoding=\"async\" srcset=\"https:\/\/i0.wp.com\/soigneralzheimer.com\/wp-content\/uploads\/2025\/04\/20250424_113417-1024x768.jpg?strip=info&#038;w=600&#038;ssl=1 600w,https:\/\/i0.wp.com\/soigneralzheimer.com\/wp-content\/uploads\/2025\/04\/20250424_113417-1024x768.jpg?strip=info&#038;w=900&#038;ssl=1 900w,https:\/\/i0.wp.com\/soigneralzheimer.com\/wp-content\/uploads\/2025\/04\/20250424_113417-1024x768.jpg?strip=info&#038;w=1024&#038;ssl=1 1024w\" alt=\"\" data-height=\"1382\" data-id=\"5147\" data-link=\"https:\/\/soigneralzheimer.com\/?attachment_id=5147\" data-url=\"https:\/\/soigneralzheimer.com\/wp-content\/uploads\/2025\/04\/20250424_113417-1024x768.jpg\" data-width=\"1843\" src=\"https:\/\/i0.wp.com\/soigneralzheimer.com\/wp-content\/uploads\/2025\/04\/20250424_113417-1024x768.jpg?ssl=1\" data-amp-layout=\"responsive\" tabindex=\"0\" role=\"button\" aria-label=\"Ouvrir l\u2019image 1 sur 2 en plein \u00e9cran\"\/><\/figure><\/div><div class=\"tiled-gallery__col\" style=\"flex-basis:36.02691%\"><figure class=\"tiled-gallery__item\"><img decoding=\"async\" srcset=\"https:\/\/i0.wp.com\/soigneralzheimer.com\/wp-content\/uploads\/2025\/04\/20250424_113228-768x1024.jpg?strip=info&#038;w=600&#038;ssl=1 600w,https:\/\/i0.wp.com\/soigneralzheimer.com\/wp-content\/uploads\/2025\/04\/20250424_113228-768x1024.jpg?strip=info&#038;w=768&#038;ssl=1 768w\" alt=\"\" data-height=\"1843\" data-id=\"5148\" data-link=\"https:\/\/soigneralzheimer.com\/?attachment_id=5148\" data-url=\"https:\/\/soigneralzheimer.com\/wp-content\/uploads\/2025\/04\/20250424_113228-768x1024.jpg\" data-width=\"1382\" src=\"https:\/\/i0.wp.com\/soigneralzheimer.com\/wp-content\/uploads\/2025\/04\/20250424_113228-768x1024.jpg?ssl=1\" data-amp-layout=\"responsive\" tabindex=\"0\" role=\"button\" aria-label=\"Ouvrir l\u2019image 2 sur 2 en plein \u00e9cran\"\/><\/figure><\/div><\/div><\/div><\/div><\/div>\n\n\n\n<p class=\"wp-block-paragraph\">La coriandre a repouss\u00e9 et la doucette qui est maintenant en fleurs prolif\u00e8re. Dire que j&rsquo;avais ramen\u00e9 une petite plante fr\u00eale!<\/p>\n\n\n\n<div class=\"wp-block-jetpack-tiled-gallery aligncenter is-style-rectangular\"><div class=\"\"><div class=\"tiled-gallery__gallery\"><div class=\"tiled-gallery__row\"><div class=\"tiled-gallery__col\" style=\"flex-basis:57.12714%\"><figure class=\"tiled-gallery__item\"><img decoding=\"async\" srcset=\"https:\/\/i0.wp.com\/soigneralzheimer.com\/wp-content\/uploads\/2025\/04\/20250424_113212-1024x768.jpg?strip=info&#038;w=600&#038;ssl=1 600w,https:\/\/i0.wp.com\/soigneralzheimer.com\/wp-content\/uploads\/2025\/04\/20250424_113212-1024x768.jpg?strip=info&#038;w=900&#038;ssl=1 900w,https:\/\/i0.wp.com\/soigneralzheimer.com\/wp-content\/uploads\/2025\/04\/20250424_113212-1024x768.jpg?strip=info&#038;w=1024&#038;ssl=1 1024w\" alt=\"\" data-height=\"1382\" data-id=\"5146\" data-link=\"https:\/\/soigneralzheimer.com\/?attachment_id=5146\" data-url=\"https:\/\/soigneralzheimer.com\/wp-content\/uploads\/2025\/04\/20250424_113212-1024x768.jpg\" data-width=\"1843\" src=\"https:\/\/i0.wp.com\/soigneralzheimer.com\/wp-content\/uploads\/2025\/04\/20250424_113212-1024x768.jpg?ssl=1\" data-amp-layout=\"responsive\" tabindex=\"0\" role=\"button\" aria-label=\"Ouvrir l\u2019image 1 sur 2 en plein \u00e9cran\"\/><\/figure><\/div><div class=\"tiled-gallery__col\" style=\"flex-basis:42.87286%\"><figure class=\"tiled-gallery__item\"><img decoding=\"async\" srcset=\"https:\/\/i0.wp.com\/soigneralzheimer.com\/wp-content\/uploads\/2025\/04\/20250424_114113-1024x1024.jpg?strip=info&#038;w=600&#038;ssl=1 600w,https:\/\/i0.wp.com\/soigneralzheimer.com\/wp-content\/uploads\/2025\/04\/20250424_114113-1024x1024.jpg?strip=info&#038;w=900&#038;ssl=1 900w,https:\/\/i0.wp.com\/soigneralzheimer.com\/wp-content\/uploads\/2025\/04\/20250424_114113-1024x1024.jpg?strip=info&#038;w=1024&#038;ssl=1 1024w\" alt=\"\" data-height=\"1382\" data-id=\"5149\" data-link=\"https:\/\/soigneralzheimer.com\/?attachment_id=5149\" data-url=\"https:\/\/soigneralzheimer.com\/wp-content\/uploads\/2025\/04\/20250424_114113-1024x1024.jpg\" data-width=\"1382\" src=\"https:\/\/i0.wp.com\/soigneralzheimer.com\/wp-content\/uploads\/2025\/04\/20250424_114113-1024x1024.jpg?ssl=1\" data-amp-layout=\"responsive\" tabindex=\"0\" role=\"button\" aria-label=\"Ouvrir l\u2019image 2 sur 2 en plein \u00e9cran\"\/><\/figure><\/div><\/div><\/div><\/div><\/div>\n\n\n\n<p class=\"wp-block-paragraph\"><\/p>\n","protected":false},"excerpt":{"rendered":"<p>C&rsquo;est le temps id\u00e9al pour cueillir des plantes qui viendront compl\u00e9ter une salade autrement un peu fade. En lisi\u00e8re de for\u00eat, on trouve le lamier jaune dont on peut employer les jeunes feuilles et les fleurs crues. Dans le jardin c&rsquo;est l&rsquo;abondance! Le mouron des oiseaux et le lierre terrestre colonisent les bacs. Les fleurs [&hellip;]<\/p>\n","protected":false},"author":2,"featured_media":0,"comment_status":"open","ping_status":"open","sticky":false,"template":"","format":"standard","meta":{"_mo_disable_npp":"","om_disable_all_campaigns":false,"_monsterinsights_skip_tracking":false,"_uf_show_specific_survey":0,"_uf_disable_surveys":false,"ocean_front_end_style_editor":"no","ocean_post_layout":"","ocean_both_sidebars_style":"","ocean_both_sidebars_content_width":0,"ocean_both_sidebars_sidebars_width":0,"ocean_sidebar":"","ocean_second_sidebar":"","ocean_disable_margins":"enable","ocean_add_body_class":"","ocean_shortcode_before_top_bar":"","ocean_shortcode_after_top_bar":"","ocean_shortcode_before_header":"","ocean_shortcode_after_header":"","ocean_has_shortcode":"","ocean_shortcode_after_title":"","ocean_shortcode_before_footer_widgets":"","ocean_shortcode_after_footer_widgets":"","ocean_shortcode_before_footer_bottom":"","ocean_shortcode_after_footer_bottom":"","ocean_display_top_bar":"default","ocean_display_header":"default","ocean_header_style":"","ocean_center_header_left_menu":"","ocean_custom_header_template":"","ocean_custom_logo":0,"ocean_custom_retina_logo":0,"ocean_custom_logo_max_width":0,"ocean_custom_logo_tablet_max_width":0,"ocean_custom_logo_mobile_max_width":0,"ocean_custom_logo_max_height":0,"ocean_custom_logo_tablet_max_height":0,"ocean_custom_logo_mobile_max_height":0,"ocean_header_custom_menu":"","ocean_menu_typo_font_family":"","ocean_menu_typo_font_subset":"","ocean_menu_typo_font_size":0,"ocean_menu_typo_font_size_tablet":0,"ocean_menu_typo_font_size_mobile":0,"ocean_menu_typo_font_size_unit":"px","ocean_menu_typo_font_weight":"","ocean_menu_typo_font_weight_tablet":"","ocean_menu_typo_font_weight_mobile":"","ocean_menu_typo_transform":"","ocean_menu_typo_transform_tablet":"","ocean_menu_typo_transform_mobile":"","ocean_menu_typo_line_height":0,"ocean_menu_typo_line_height_tablet":0,"ocean_menu_typo_line_height_mobile":0,"ocean_menu_typo_line_height_unit":"","ocean_menu_typo_spacing":0,"ocean_menu_typo_spacing_tablet":0,"ocean_menu_typo_spacing_mobile":0,"ocean_menu_typo_spacing_unit":"","ocean_menu_link_color":"","ocean_menu_link_color_hover":"","ocean_menu_link_color_active":"","ocean_menu_link_background":"","ocean_menu_link_hover_background":"","ocean_menu_link_active_background":"","ocean_menu_social_links_bg":"","ocean_menu_social_hover_links_bg":"","ocean_menu_social_links_color":"","ocean_menu_social_hover_links_color":"","ocean_disable_title":"default","ocean_disable_heading":"default","ocean_post_title":"","ocean_post_subheading":"","ocean_post_title_style":"","ocean_post_title_background_color":"","ocean_post_title_background":0,"ocean_post_title_bg_image_position":"","ocean_post_title_bg_image_attachment":"","ocean_post_title_bg_image_repeat":"","ocean_post_title_bg_image_size":"","ocean_post_title_height":0,"ocean_post_title_bg_overlay":0.5,"ocean_post_title_bg_overlay_color":"","ocean_disable_breadcrumbs":"default","ocean_breadcrumbs_color":"","ocean_breadcrumbs_separator_color":"","ocean_breadcrumbs_links_color":"","ocean_breadcrumbs_links_hover_color":"","ocean_display_footer_widgets":"default","ocean_display_footer_bottom":"default","ocean_custom_footer_template":"","_jetpack_newsletter_access":"","_jetpack_dont_email_post_to_subs":false,"_jetpack_newsletter_tier_id":0,"_jetpack_memberships_contains_paywalled_content":false,"_jetpack_feature_clip_id":0,"_jetpack_memberships_contains_paid_content":false,"ocean_post_oembed":"","ocean_post_self_hosted_media":"","ocean_post_video_embed":"","ocean_link_format":"","ocean_link_format_target":"self","ocean_quote_format":"","ocean_quote_format_link":"post","ocean_gallery_link_images":"on","ocean_gallery_id":[],"footnotes":"","jetpack_post_was_ever_published":false},"categories":[49,47],"tags":[],"class_list":["post-5139","post","type-post","status-publish","format-standard","hentry","category-botanique","category-jardin","entry"],"aioseo_notices":[],"jetpack_sharing_enabled":true,"jetpack_featured_media_url":"","_links":{"self":[{"href":"https:\/\/soigneralzheimer.com\/fr\/wp-json\/wp\/v2\/posts\/5139","targetHints":{"allow":["GET"]}}],"collection":[{"href":"https:\/\/soigneralzheimer.com\/fr\/wp-json\/wp\/v2\/posts"}],"about":[{"href":"https:\/\/soigneralzheimer.com\/fr\/wp-json\/wp\/v2\/types\/post"}],"author":[{"embeddable":true,"href":"https:\/\/soigneralzheimer.com\/fr\/wp-json\/wp\/v2\/users\/2"}],"replies":[{"embeddable":true,"href":"https:\/\/soigneralzheimer.com\/fr\/wp-json\/wp\/v2\/comments?post=5139"}],"version-history":[{"count":5,"href":"https:\/\/soigneralzheimer.com\/fr\/wp-json\/wp\/v2\/posts\/5139\/revisions"}],"predecessor-version":[{"id":5157,"href":"https:\/\/soigneralzheimer.com\/fr\/wp-json\/wp\/v2\/posts\/5139\/revisions\/5157"}],"wp:attachment":[{"href":"https:\/\/soigneralzheimer.com\/fr\/wp-json\/wp\/v2\/media?parent=5139"}],"wp:term":[{"taxonomy":"category","embeddable":true,"href":"https:\/\/soigneralzheimer.com\/fr\/wp-json\/wp\/v2\/categories?post=5139"},{"taxonomy":"post_tag","embeddable":true,"href":"https:\/\/soigneralzheimer.com\/fr\/wp-json\/wp\/v2\/tags?post=5139"}],"curies":[{"name":"wp","href":"https:\/\/api.w.org\/{rel}","templated":true}]}}