{"id":4256,"date":"2024-04-06T19:48:36","date_gmt":"2024-04-06T17:48:36","guid":{"rendered":"https:\/\/soigneralzheimer.com\/?p=4256"},"modified":"2024-04-06T19:48:39","modified_gmt":"2024-04-06T17:48:39","slug":"a-la-recherche-du-gaillet-odorant","status":"publish","type":"post","link":"https:\/\/soigneralzheimer.com\/fr\/a-la-recherche-du-gaillet-odorant\/","title":{"rendered":"A la recherche du gaillet odorant"},"content":{"rendered":"\n<p class=\"wp-block-paragraph\">Beaucoup de plantes sont en fleur. Pour la salade de midi, j&rsquo;ai r\u00e9colt\u00e9 de petites fleurs pour la d\u00e9coration: les fleurs du lierre terrestre (Gundermann), de la v\u00e9ronique (Ehrenpreis), du lamier pourpre (purpurroter Taubnessel) et m\u00eame des fleurs de chou de Bruxelles et de chou-rave. Tout cela pousse en ce moment en abondance dans notre jardin.<\/p>\n\n\n\n<figure class=\"wp-block-image size-large\"><img data-recalc-dims=\"1\" fetchpriority=\"high\" decoding=\"async\" width=\"1024\" height=\"1024\" src=\"https:\/\/i0.wp.com\/soigneralzheimer.com\/wp-content\/uploads\/2024\/04\/20240406_185521.jpg?resize=1024%2C1024&#038;ssl=1\" alt=\"\" class=\"wp-image-4259\" srcset=\"https:\/\/i0.wp.com\/soigneralzheimer.com\/wp-content\/uploads\/2024\/04\/20240406_185521.jpg?resize=1024%2C1024&amp;ssl=1 1024w, https:\/\/i0.wp.com\/soigneralzheimer.com\/wp-content\/uploads\/2024\/04\/20240406_185521.jpg?resize=300%2C300&amp;ssl=1 300w, https:\/\/i0.wp.com\/soigneralzheimer.com\/wp-content\/uploads\/2024\/04\/20240406_185521.jpg?resize=150%2C150&amp;ssl=1 150w, https:\/\/i0.wp.com\/soigneralzheimer.com\/wp-content\/uploads\/2024\/04\/20240406_185521.jpg?resize=768%2C768&amp;ssl=1 768w, https:\/\/i0.wp.com\/soigneralzheimer.com\/wp-content\/uploads\/2024\/04\/20240406_185521.jpg?resize=1536%2C1536&amp;ssl=1 1536w, https:\/\/i0.wp.com\/soigneralzheimer.com\/wp-content\/uploads\/2024\/04\/20240406_185521.jpg?resize=12%2C12&amp;ssl=1 12w, https:\/\/i0.wp.com\/soigneralzheimer.com\/wp-content\/uploads\/2024\/04\/20240406_185521.jpg?resize=600%2C600&amp;ssl=1 600w, https:\/\/i0.wp.com\/soigneralzheimer.com\/wp-content\/uploads\/2024\/04\/20240406_185521.jpg?w=1848&amp;ssl=1 1848w\" sizes=\"(max-width: 1024px) 100vw, 1024px\" \/><\/figure>\n\n\n\n<p class=\"wp-block-paragraph\">Le gaillet odorant (Waldmeister) est presque en fleur, plus que quelques jours \u00e0 patienter avant la r\u00e9colte.<\/p>\n\n\n\n<figure class=\"wp-block-image size-large\"><img data-recalc-dims=\"1\" decoding=\"async\" width=\"1024\" height=\"768\" src=\"https:\/\/i0.wp.com\/soigneralzheimer.com\/wp-content\/uploads\/2024\/04\/20240406_185503.jpg?resize=1024%2C768&#038;ssl=1\" alt=\"\" class=\"wp-image-4257\" srcset=\"https:\/\/i0.wp.com\/soigneralzheimer.com\/wp-content\/uploads\/2024\/04\/20240406_185503.jpg?resize=1024%2C768&amp;ssl=1 1024w, https:\/\/i0.wp.com\/soigneralzheimer.com\/wp-content\/uploads\/2024\/04\/20240406_185503.jpg?resize=300%2C225&amp;ssl=1 300w, https:\/\/i0.wp.com\/soigneralzheimer.com\/wp-content\/uploads\/2024\/04\/20240406_185503.jpg?resize=768%2C576&amp;ssl=1 768w, https:\/\/i0.wp.com\/soigneralzheimer.com\/wp-content\/uploads\/2024\/04\/20240406_185503.jpg?resize=1536%2C1152&amp;ssl=1 1536w, https:\/\/i0.wp.com\/soigneralzheimer.com\/wp-content\/uploads\/2024\/04\/20240406_185503.jpg?resize=16%2C12&amp;ssl=1 16w, https:\/\/i0.wp.com\/soigneralzheimer.com\/wp-content\/uploads\/2024\/04\/20240406_185503.jpg?w=1843&amp;ssl=1 1843w\" sizes=\"(max-width: 1024px) 100vw, 1024px\" \/><\/figure>\n\n\n\n<p class=\"wp-block-paragraph\">La berce commune apparait dans les pr\u00e9s. C&rsquo;est une plante sauvage que j&rsquo;aime beaucoup car elle est tendre et a un bon go\u00fbt de carotte. Je la fait revenir bri\u00e8vement \u00e0 la po\u00eale avec un oignon et des carottes. On peut ajouter ensuite un peu de jus de citron et un peu de menthe cisel\u00e9e. Son nom allemand: \u00ab\u00a0Wiesen B\u00e4renklau\u00a0\u00bb illustre le fait que les jeunes pousses peuvent faire penser \u00e0 une patte d&rsquo;ours.<\/p>\n\n\n\n<div class=\"wp-block-jetpack-tiled-gallery aligncenter is-style-rectangular\"><div class=\"tiled-gallery__gallery\"><div class=\"tiled-gallery__row\"><div class=\"tiled-gallery__col\" style=\"flex-basis:50.00780%\"><figure class=\"tiled-gallery__item\"><img decoding=\"async\" srcset=\"https:\/\/i2.wp.com\/soigneralzheimer.com\/wp-content\/uploads\/2024\/04\/20240406_185627-1024x768.jpg?strip=info&#038;w=600&#038;ssl=1 600w,https:\/\/i2.wp.com\/soigneralzheimer.com\/wp-content\/uploads\/2024\/04\/20240406_185627-1024x768.jpg?strip=info&#038;w=900&#038;ssl=1 900w,https:\/\/i2.wp.com\/soigneralzheimer.com\/wp-content\/uploads\/2024\/04\/20240406_185627-1024x768.jpg?strip=info&#038;w=1024&#038;ssl=1 1024w\" alt=\"\" data-height=\"1009\" data-id=\"4258\" data-link=\"https:\/\/soigneralzheimer.com\/?attachment_id=4258\" data-url=\"https:\/\/soigneralzheimer.com\/wp-content\/uploads\/2024\/04\/20240406_185627-1024x768.jpg\" data-width=\"1346\" src=\"https:\/\/i2.wp.com\/soigneralzheimer.com\/wp-content\/uploads\/2024\/04\/20240406_185627-1024x768.jpg?ssl=1\" data-amp-layout=\"responsive\"\/><\/figure><\/div><div class=\"tiled-gallery__col\" style=\"flex-basis:49.99220%\"><figure class=\"tiled-gallery__item\"><img decoding=\"async\" srcset=\"https:\/\/i2.wp.com\/soigneralzheimer.com\/wp-content\/uploads\/2024\/04\/20240406_185546-1024x768.jpg?strip=info&#038;w=600&#038;ssl=1 600w,https:\/\/i2.wp.com\/soigneralzheimer.com\/wp-content\/uploads\/2024\/04\/20240406_185546-1024x768.jpg?strip=info&#038;w=900&#038;ssl=1 900w,https:\/\/i2.wp.com\/soigneralzheimer.com\/wp-content\/uploads\/2024\/04\/20240406_185546-1024x768.jpg?strip=info&#038;w=1024&#038;ssl=1 1024w\" alt=\"\" data-height=\"1382\" data-id=\"4260\" data-link=\"https:\/\/soigneralzheimer.com\/?attachment_id=4260\" data-url=\"https:\/\/soigneralzheimer.com\/wp-content\/uploads\/2024\/04\/20240406_185546-1024x768.jpg\" data-width=\"1843\" src=\"https:\/\/i2.wp.com\/soigneralzheimer.com\/wp-content\/uploads\/2024\/04\/20240406_185546-1024x768.jpg?ssl=1\" data-amp-layout=\"responsive\"\/><\/figure><\/div><\/div><\/div><\/div>\n","protected":false},"excerpt":{"rendered":"<p>Beaucoup de plantes sont en fleur. Pour la salade de midi, j&rsquo;ai r\u00e9colt\u00e9 de petites fleurs pour la d\u00e9coration: les fleurs du lierre terrestre (Gundermann), de la v\u00e9ronique (Ehrenpreis), du lamier pourpre (purpurroter Taubnessel) et m\u00eame des fleurs de chou de Bruxelles et de chou-rave. Tout cela pousse en ce moment en abondance dans notre [&hellip;]<\/p>\n","protected":false},"author":2,"featured_media":0,"comment_status":"open","ping_status":"open","sticky":false,"template":"","format":"standard","meta":{"_mo_disable_npp":"","om_disable_all_campaigns":false,"_monsterinsights_skip_tracking":false,"_uf_show_specific_survey":0,"_uf_disable_surveys":false,"ocean_front_end_style_editor":"no","ocean_post_layout":"","ocean_both_sidebars_style":"","ocean_both_sidebars_content_width":0,"ocean_both_sidebars_sidebars_width":0,"ocean_sidebar":"","ocean_second_sidebar":"","ocean_disable_margins":"enable","ocean_add_body_class":"","ocean_shortcode_before_top_bar":"","ocean_shortcode_after_top_bar":"","ocean_shortcode_before_header":"","ocean_shortcode_after_header":"","ocean_has_shortcode":"","ocean_shortcode_after_title":"","ocean_shortcode_before_footer_widgets":"","ocean_shortcode_after_footer_widgets":"","ocean_shortcode_before_footer_bottom":"","ocean_shortcode_after_footer_bottom":"","ocean_display_top_bar":"default","ocean_display_header":"default","ocean_header_style":"","ocean_center_header_left_menu":"","ocean_custom_header_template":"","ocean_custom_logo":0,"ocean_custom_retina_logo":0,"ocean_custom_logo_max_width":0,"ocean_custom_logo_tablet_max_width":0,"ocean_custom_logo_mobile_max_width":0,"ocean_custom_logo_max_height":0,"ocean_custom_logo_tablet_max_height":0,"ocean_custom_logo_mobile_max_height":0,"ocean_header_custom_menu":"","ocean_menu_typo_font_family":"","ocean_menu_typo_font_subset":"","ocean_menu_typo_font_size":0,"ocean_menu_typo_font_size_tablet":0,"ocean_menu_typo_font_size_mobile":0,"ocean_menu_typo_font_size_unit":"px","ocean_menu_typo_font_weight":"","ocean_menu_typo_font_weight_tablet":"","ocean_menu_typo_font_weight_mobile":"","ocean_menu_typo_transform":"","ocean_menu_typo_transform_tablet":"","ocean_menu_typo_transform_mobile":"","ocean_menu_typo_line_height":0,"ocean_menu_typo_line_height_tablet":0,"ocean_menu_typo_line_height_mobile":0,"ocean_menu_typo_line_height_unit":"","ocean_menu_typo_spacing":0,"ocean_menu_typo_spacing_tablet":0,"ocean_menu_typo_spacing_mobile":0,"ocean_menu_typo_spacing_unit":"","ocean_menu_link_color":"","ocean_menu_link_color_hover":"","ocean_menu_link_color_active":"","ocean_menu_link_background":"","ocean_menu_link_hover_background":"","ocean_menu_link_active_background":"","ocean_menu_social_links_bg":"","ocean_menu_social_hover_links_bg":"","ocean_menu_social_links_color":"","ocean_menu_social_hover_links_color":"","ocean_disable_title":"default","ocean_disable_heading":"default","ocean_post_title":"","ocean_post_subheading":"","ocean_post_title_style":"","ocean_post_title_background_color":"","ocean_post_title_background":0,"ocean_post_title_bg_image_position":"","ocean_post_title_bg_image_attachment":"","ocean_post_title_bg_image_repeat":"","ocean_post_title_bg_image_size":"","ocean_post_title_height":0,"ocean_post_title_bg_overlay":0.5,"ocean_post_title_bg_overlay_color":"","ocean_disable_breadcrumbs":"default","ocean_breadcrumbs_color":"","ocean_breadcrumbs_separator_color":"","ocean_breadcrumbs_links_color":"","ocean_breadcrumbs_links_hover_color":"","ocean_display_footer_widgets":"default","ocean_display_footer_bottom":"default","ocean_custom_footer_template":"","_jetpack_newsletter_access":"","_jetpack_dont_email_post_to_subs":false,"_jetpack_newsletter_tier_id":0,"_jetpack_memberships_contains_paywalled_content":false,"_jetpack_feature_clip_id":0,"_jetpack_memberships_contains_paid_content":false,"ocean_post_oembed":"","ocean_post_self_hosted_media":"","ocean_post_video_embed":"","ocean_link_format":"","ocean_link_format_target":"self","ocean_quote_format":"","ocean_quote_format_link":"post","ocean_gallery_link_images":"on","ocean_gallery_id":[],"footnotes":"","jetpack_post_was_ever_published":false},"categories":[49],"tags":[200,201],"class_list":["post-4256","post","type-post","status-publish","format-standard","hentry","category-botanique","tag-waldmeister","tag-wiesenbarenklau","entry"],"aioseo_notices":[],"jetpack_sharing_enabled":true,"jetpack_featured_media_url":"","_links":{"self":[{"href":"https:\/\/soigneralzheimer.com\/fr\/wp-json\/wp\/v2\/posts\/4256","targetHints":{"allow":["GET"]}}],"collection":[{"href":"https:\/\/soigneralzheimer.com\/fr\/wp-json\/wp\/v2\/posts"}],"about":[{"href":"https:\/\/soigneralzheimer.com\/fr\/wp-json\/wp\/v2\/types\/post"}],"author":[{"embeddable":true,"href":"https:\/\/soigneralzheimer.com\/fr\/wp-json\/wp\/v2\/users\/2"}],"replies":[{"embeddable":true,"href":"https:\/\/soigneralzheimer.com\/fr\/wp-json\/wp\/v2\/comments?post=4256"}],"version-history":[{"count":5,"href":"https:\/\/soigneralzheimer.com\/fr\/wp-json\/wp\/v2\/posts\/4256\/revisions"}],"predecessor-version":[{"id":4268,"href":"https:\/\/soigneralzheimer.com\/fr\/wp-json\/wp\/v2\/posts\/4256\/revisions\/4268"}],"wp:attachment":[{"href":"https:\/\/soigneralzheimer.com\/fr\/wp-json\/wp\/v2\/media?parent=4256"}],"wp:term":[{"taxonomy":"category","embeddable":true,"href":"https:\/\/soigneralzheimer.com\/fr\/wp-json\/wp\/v2\/categories?post=4256"},{"taxonomy":"post_tag","embeddable":true,"href":"https:\/\/soigneralzheimer.com\/fr\/wp-json\/wp\/v2\/tags?post=4256"}],"curies":[{"name":"wp","href":"https:\/\/api.w.org\/{rel}","templated":true}]}}